{"id":1378,"date":"2020-08-13T09:00:13","date_gmt":"2020-08-13T12:00:13","guid":{"rendered":"http:\/\/sindicarpa.com.br\/?p=1378"},"modified":"2023-09-01T14:45:12","modified_gmt":"2023-09-01T17:45:12","slug":"acao-social-conjovem","status":"publish","type":"post","link":"https:\/\/sindicarpa.com.br\/index.php\/2020\/08\/13\/acao-social-conjovem\/","title":{"rendered":"COMJOVEM BEL\u00c9M realiza a\u00e7\u00e3o social com doa\u00e7\u00f5es de alimentos em Bel\u00e9m."},"content":{"rendered":"<p>No dia 29\/07\/2020 a Comiss\u00e3o de Jovens Empres\u00e1rios do Transporte de Cargas \u2013 <strong><em><b><i>COMJOVEM n\u00facleo Bel\u00e9m, <\/i><\/b><\/em><\/strong>realizou a\u00e7\u00e3o social com doa\u00e7\u00f5es de alimentos na cidade de Bel\u00e9m.<\/p>\n<p>A institui\u00e7\u00e3o escolhida foi a \u201c<strong><b>Casa do Menino Jesus<\/b><\/strong>\u201d. Ajudar e acolher s\u00e3o os lemas da casa de apoio Menino Jesus. Em prol da solidariza\u00e7\u00e3o com m\u00e3es e crian\u00e7as com c\u00e2ncer, o instituto assiste por meio do acolhimento durante o tratamento da doen\u00e7a.<\/p>\n<p>A coordenadora do abrigo, Alda Menezes, diz que o principal objetivo do trabalho realizado \u00e9 \u201cque a crian\u00e7a que esteja conosco fique bem e acolhida, assim como suas m\u00e3es. Sabemos que a dor n\u00e3o \u00e9 s\u00f3 das crian\u00e7as, mas tamb\u00e9m da fam\u00edlia inteira, por isso a import\u00e2ncia desse acolhimento geral\u201d.<\/p>\n<p>A Casa Menino Jesus \u00e9 um trabalho realizado nos Estados do Cear\u00e1, Par\u00e1 e no Distrito Federal. A casa atende crian\u00e7as diagnosticadas com c\u00e2ncer que precisam fazer tratamento em Bel\u00e9m e s\u00e3o oriundas do interior de outros Estados.<\/p>\n<p>Segundo a coordenadora de atividades da Casa, o apoio do COMJOVEM Bel\u00e9m chegou em um momento oportuno, com a PANDEMIA do COVIDI 19.<\/p>\n<p>Segundo coordenador do COMJOVEM Bel\u00e9m Ricardo Filho esta a\u00e7\u00e3o deve se tornar permanente com esta institui\u00e7\u00e3o.<\/p>\n<p>O espa\u00e7o\u00a0fica na travessa Castelo Branco, 1403, entre as avenidas Gentil Bittencourt e Conselheiro Furtado, no bairro de S\u00e3o Br\u00e1s, em Bel\u00e9m.<\/p>\n<p>Endere\u00e7os redes sociais:<\/p>\n<p>&#8211; Site: <a href=\"http:\/\/www.casadomeninojesus.org.br\"><u>www.casadomeninojesus.org.br<\/u><\/a><\/p>\n<p>&#8211; E-mail: <a href=\"mailto:casameninojesusbelem@gmail.com\"><u>casameninojesusbelem@gmail.com<\/u><\/a><\/p>\n<p>SINDICARPA<\/p>\n<p>&nbsp;<\/p>\n<p>&nbsp;<\/p>\n<p>&nbsp;<\/p>\n","protected":false},"excerpt":{"rendered":"<p>No dia 29\/07\/2020 a Comiss\u00e3o de Jovens Empres\u00e1rios do Transporte de Cargas \u2013 COMJOVEM n\u00facleo Bel\u00e9m, realizou a\u00e7\u00e3o social com doa\u00e7\u00f5es de alimentos na cidade de Bel\u00e9m. A institui\u00e7\u00e3o escolhida foi a \u201cCasa do Menino Jesus\u201d. Ajudar e acolher s\u00e3o os lemas da casa de apoio Menino Jesus. Em prol da solidariza\u00e7\u00e3o com m\u00e3es e [&hellip;]<\/p>\n","protected":false},"author":1,"featured_media":1379,"comment_status":"open","ping_status":"closed","sticky":false,"template":"","format":"standard","meta":{"footnotes":""},"categories":[24,19],"tags":[73,61,72],"class_list":{"0":"post-1378","1":"post","2":"type-post","3":"status-publish","4":"format-standard","5":"has-post-thumbnail","7":"category-sindicarpa","8":"category-social","9":"tag-acao-social","10":"tag-conjovem","11":"tag-conjovem-belem"},"_links":{"self":[{"href":"https:\/\/sindicarpa.com.br\/index.php\/wp-json\/wp\/v2\/posts\/1378","targetHints":{"allow":["GET"]}}],"collection":[{"href":"https:\/\/sindicarpa.com.br\/index.php\/wp-json\/wp\/v2\/posts"}],"about":[{"href":"https:\/\/sindicarpa.com.br\/index.php\/wp-json\/wp\/v2\/types\/post"}],"author":[{"embeddable":true,"href":"https:\/\/sindicarpa.com.br\/index.php\/wp-json\/wp\/v2\/users\/1"}],"replies":[{"embeddable":true,"href":"https:\/\/sindicarpa.com.br\/index.php\/wp-json\/wp\/v2\/comments?post=1378"}],"version-history":[{"count":2,"href":"https:\/\/sindicarpa.com.br\/index.php\/wp-json\/wp\/v2\/posts\/1378\/revisions"}],"predecessor-version":[{"id":1860,"href":"https:\/\/sindicarpa.com.br\/index.php\/wp-json\/wp\/v2\/posts\/1378\/revisions\/1860"}],"wp:featuredmedia":[{"embeddable":true,"href":"https:\/\/sindicarpa.com.br\/index.php\/wp-json\/wp\/v2\/media\/1379"}],"wp:attachment":[{"href":"https:\/\/sindicarpa.com.br\/index.php\/wp-json\/wp\/v2\/media?parent=1378"}],"wp:term":[{"taxonomy":"category","embeddable":true,"href":"https:\/\/sindicarpa.com.br\/index.php\/wp-json\/wp\/v2\/categories?post=1378"},{"taxonomy":"post_tag","embeddable":true,"href":"https:\/\/sindicarpa.com.br\/index.php\/wp-json\/wp\/v2\/tags?post=1378"}],"curies":[{"name":"wp","href":"https:\/\/api.w.org\/{rel}","templated":true}]}}