{"id":1381,"date":"2020-08-13T09:00:09","date_gmt":"2020-08-13T12:00:09","guid":{"rendered":"http:\/\/sindicarpa.com.br\/?p=1381"},"modified":"2023-09-01T14:40:38","modified_gmt":"2023-09-01T17:40:38","slug":"negociacoes-da-convencao-coletiva-2020-2021","status":"publish","type":"post","link":"https:\/\/sindicarpa.com.br\/index.php\/2020\/08\/13\/negociacoes-da-convencao-coletiva-2020-2021\/","title":{"rendered":"Negocia\u00e7\u00f5es da Conven\u00e7\u00e3o Coletiva 2020\/2021"},"content":{"rendered":"<p>Considerando o estado de calamidade p\u00fablica reconhecido pelo Decreto Legislativo n\u00ba 6, de 20 de mar\u00e7o de 2020 e da emerg\u00eancia de sa\u00fade p\u00fablica\u00a0 decorrente do coronav\u00edrus (Covid-19), decretada pelo Ministro de Estado da Sa\u00fade, em 3 de fevereiro de 2020, estamos em um per\u00edodo muito cr\u00edtico para negocia\u00e7\u00e3o coletiva, tendo em vista que houve uma diminui\u00e7\u00e3o consider\u00e1vel nas atividades do setor. Ent\u00e3o neste momento, o objetivo \u00e9 encontrar meios para manuten\u00e7\u00e3o e preserva\u00e7\u00e3o dos empregos.<\/p>\n<p>E diante deste cen\u00e1rio, o Sindicato Patronal ap\u00f3s recebimento da proposta do Sindicato Laboral, e este tamb\u00e9m consciente da situa\u00e7\u00e3o desfavor\u00e1vel para negocia\u00e7\u00e3o coletiva, discutiram propostas que n\u00e3o onerassem mais as empresas nesse momento t\u00e3o dif\u00edcil de manter empregos, com a crescente diminui\u00e7\u00e3o do volume de cargas.<\/p>\n<p>E por fim, os Sindicatos chegaram ao consenso de celebrar um Termo Aditivo \u00e0 Conven\u00e7\u00e3o Coletiva 2019\/2020, para o per\u00edodo de 01.05.2020 a 31.04.2021.<\/p>\n<p>O Termo Aditivo, o qual segue em anexo, mant\u00e9m as cl\u00e1usulas da Conven\u00e7\u00e3o Coletiva anterior, inclusive quanto a tabela salarial, com exce\u00e7\u00e3o de algumas fun\u00e7\u00f5es que foram exclu\u00eddas.<\/p>\n<p>Ressalta-se que em raz\u00e3o da Pandemia, as Homologa\u00e7\u00f5es poder\u00e3o ser realizadas nas empresas at\u00e9 a data de 31.07.2020, e ap\u00f3s essa data passar\u00e1 a ser realizada no sindicato laboral.<\/p>\n<p>Ficou ajustado,\u00a0 na cl\u00e1usula sexta do referido Termo Aditivo, a possibilidade de as empresas realizarem com seus empregados, as\u00a0 medidas de redu\u00e7\u00e3o de jornada com consequente redu\u00e7\u00e3o salarial e de suspens\u00e3o tempor\u00e1ria do contrato de trabalho, realizados conforme a Medida Provis\u00f3ria 936\/2020,\u00a0 para todos os empregados, independente da faixa salarial ou de escolaridade, desde que o sindicato laboral seja comunicado por escrito no prazo de dez dias.<\/p>\n<p>Ressalta-se por fim, que as demais cl\u00e1usulas da Conven\u00e7\u00e3o Coletiva de Trabalho referente ao per\u00edodo de Maio\/2019 a Abril de 2020, ficam inalteradas e prorrogadas para o per\u00edodo de Maio\/2020 a Abril de 2021 e todas as cl\u00e1usulas da CCT 2019\/2020 que constem obriga\u00e7\u00f5es a serem cumpridas com datas de 2019 e 2020, devem ser, cumpridas nas mesmas datas no decorrer do ano de 2020 e 2021.<\/p>\n<p>Esse foi o resultado das negocia\u00e7\u00f5es entre os Sindicatos, visando uma forma de as empresas tentarem preservar os empregos, uma vez que o futuro \u00e9 incerto diante dessa crise mundial.<\/p>\n<p>SINDICARPA<\/p>\n","protected":false},"excerpt":{"rendered":"<p>Considerando o estado de calamidade p\u00fablica reconhecido pelo Decreto Legislativo n\u00ba 6, de 20 de mar\u00e7o de 2020 e da emerg\u00eancia de sa\u00fade p\u00fablica\u00a0 decorrente do coronav\u00edrus (Covid-19), decretada pelo Ministro de Estado da Sa\u00fade, em 3 de fevereiro de 2020, estamos em um per\u00edodo muito cr\u00edtico para negocia\u00e7\u00e3o coletiva, tendo em vista que houve [&hellip;]<\/p>\n","protected":false},"author":1,"featured_media":1383,"comment_status":"open","ping_status":"closed","sticky":false,"template":"","format":"standard","meta":{"footnotes":""},"categories":[63,24],"tags":[68],"class_list":{"0":"post-1381","1":"post","2":"type-post","3":"status-publish","4":"format-standard","5":"has-post-thumbnail","7":"category-eventos","8":"category-sindicarpa","9":"tag-convencao-coletiva"},"_links":{"self":[{"href":"https:\/\/sindicarpa.com.br\/index.php\/wp-json\/wp\/v2\/posts\/1381","targetHints":{"allow":["GET"]}}],"collection":[{"href":"https:\/\/sindicarpa.com.br\/index.php\/wp-json\/wp\/v2\/posts"}],"about":[{"href":"https:\/\/sindicarpa.com.br\/index.php\/wp-json\/wp\/v2\/types\/post"}],"author":[{"embeddable":true,"href":"https:\/\/sindicarpa.com.br\/index.php\/wp-json\/wp\/v2\/users\/1"}],"replies":[{"embeddable":true,"href":"https:\/\/sindicarpa.com.br\/index.php\/wp-json\/wp\/v2\/comments?post=1381"}],"version-history":[{"count":1,"href":"https:\/\/sindicarpa.com.br\/index.php\/wp-json\/wp\/v2\/posts\/1381\/revisions"}],"predecessor-version":[{"id":1856,"href":"https:\/\/sindicarpa.com.br\/index.php\/wp-json\/wp\/v2\/posts\/1381\/revisions\/1856"}],"wp:featuredmedia":[{"embeddable":true,"href":"https:\/\/sindicarpa.com.br\/index.php\/wp-json\/wp\/v2\/media\/1383"}],"wp:attachment":[{"href":"https:\/\/sindicarpa.com.br\/index.php\/wp-json\/wp\/v2\/media?parent=1381"}],"wp:term":[{"taxonomy":"category","embeddable":true,"href":"https:\/\/sindicarpa.com.br\/index.php\/wp-json\/wp\/v2\/categories?post=1381"},{"taxonomy":"post_tag","embeddable":true,"href":"https:\/\/sindicarpa.com.br\/index.php\/wp-json\/wp\/v2\/tags?post=1381"}],"curies":[{"name":"wp","href":"https:\/\/api.w.org\/{rel}","templated":true}]}}