{"id":1563,"date":"2021-06-29T09:00:39","date_gmt":"2021-06-29T12:00:39","guid":{"rendered":"http:\/\/sindicarpa.com.br\/?p=1563"},"modified":"2023-09-01T14:47:36","modified_gmt":"2023-09-01T17:47:36","slug":"o-nucleo-da-comjovem-belem-realiza-acao-social","status":"publish","type":"post","link":"https:\/\/sindicarpa.com.br\/index.php\/2021\/06\/29\/o-nucleo-da-comjovem-belem-realiza-acao-social\/","title":{"rendered":"N\u00facleo da COMJOVEM Bel\u00e9m, realiza a\u00e7\u00e3o social."},"content":{"rendered":"<p>O n\u00facleo da COMJOVEM Bel\u00e9m, realizou uma a\u00e7\u00e3o social com doa\u00e7\u00f5es de cestas b\u00e1sicas destinadas as fam\u00edlias ribeirinhas da Ilha do Comb\u00fa, na cidade de Bel\u00e9m-PA no dia 26\/06\/2021.<br \/>\nA a\u00e7\u00e3o contou com a ajuda da comiss\u00e3o de associados do SINDICARPA e outros empres\u00e1rios da regi\u00e3o, conseguindo ajudar cerca de 50 fam\u00edlias da ilha.<\/p>\n<p><a href=\"https:\/\/www.instagram.com\/p\/CQtFksLFSCX\/?utm_medium=copy_link\" target=\"_blank\" rel=\"noopener\">V\u00eddeo completo aqui!<\/a><\/p>\n<p><img loading=\"lazy\" decoding=\"async\" class=\"size-full wp-image-1566 aligncenter\" src=\"https:\/\/sindicarpa.com.br\/wp-content\/uploads\/2021\/06\/comjovem3.png\" alt=\"\" width=\"591\" height=\"776\" srcset=\"https:\/\/sindicarpa.com.br\/wp-content\/uploads\/2021\/06\/comjovem3.png 591w, https:\/\/sindicarpa.com.br\/wp-content\/uploads\/2021\/06\/comjovem3-228x300.png 228w, https:\/\/sindicarpa.com.br\/wp-content\/uploads\/2021\/06\/comjovem3-320x420.png 320w\" sizes=\"auto, (max-width: 591px) 100vw, 591px\" \/><\/p>\n<p><img loading=\"lazy\" decoding=\"async\" class=\"wp-image-1565  aligncenter\" src=\"https:\/\/sindicarpa.com.br\/wp-content\/uploads\/2021\/06\/comjovem2-766x1024.jpeg\" alt=\"\" width=\"591\" height=\"790\" data-wp-editing=\"1\" srcset=\"https:\/\/sindicarpa.com.br\/wp-content\/uploads\/2021\/06\/comjovem2-766x1024.jpeg 766w, https:\/\/sindicarpa.com.br\/wp-content\/uploads\/2021\/06\/comjovem2-225x300.jpeg 225w, https:\/\/sindicarpa.com.br\/wp-content\/uploads\/2021\/06\/comjovem2-768x1026.jpeg 768w, https:\/\/sindicarpa.com.br\/wp-content\/uploads\/2021\/06\/comjovem2-696x930.jpeg 696w, https:\/\/sindicarpa.com.br\/wp-content\/uploads\/2021\/06\/comjovem2-314x420.jpeg 314w, https:\/\/sindicarpa.com.br\/wp-content\/uploads\/2021\/06\/comjovem2.jpeg 958w\" sizes=\"auto, (max-width: 591px) 100vw, 591px\" \/><\/p>\n","protected":false},"excerpt":{"rendered":"<p>O n\u00facleo da COMJOVEM Bel\u00e9m, realizou uma a\u00e7\u00e3o social com doa\u00e7\u00f5es de cestas b\u00e1sicas destinadas as fam\u00edlias ribeirinhas da Ilha do Comb\u00fa, na cidade de Bel\u00e9m-PA no dia 26\/06\/2021. A a\u00e7\u00e3o contou com a ajuda da comiss\u00e3o de associados do SINDICARPA e outros empres\u00e1rios da regi\u00e3o, conseguindo ajudar cerca de 50 fam\u00edlias da ilha. V\u00eddeo [&hellip;]<\/p>\n","protected":false},"author":1,"featured_media":1565,"comment_status":"open","ping_status":"closed","sticky":false,"template":"","format":"standard","meta":{"footnotes":""},"categories":[24,19],"tags":[73,61,72],"class_list":{"0":"post-1563","1":"post","2":"type-post","3":"status-publish","4":"format-standard","5":"has-post-thumbnail","7":"category-sindicarpa","8":"category-social","9":"tag-acao-social","10":"tag-conjovem","11":"tag-conjovem-belem"},"_links":{"self":[{"href":"https:\/\/sindicarpa.com.br\/index.php\/wp-json\/wp\/v2\/posts\/1563","targetHints":{"allow":["GET"]}}],"collection":[{"href":"https:\/\/sindicarpa.com.br\/index.php\/wp-json\/wp\/v2\/posts"}],"about":[{"href":"https:\/\/sindicarpa.com.br\/index.php\/wp-json\/wp\/v2\/types\/post"}],"author":[{"embeddable":true,"href":"https:\/\/sindicarpa.com.br\/index.php\/wp-json\/wp\/v2\/users\/1"}],"replies":[{"embeddable":true,"href":"https:\/\/sindicarpa.com.br\/index.php\/wp-json\/wp\/v2\/comments?post=1563"}],"version-history":[{"count":1,"href":"https:\/\/sindicarpa.com.br\/index.php\/wp-json\/wp\/v2\/posts\/1563\/revisions"}],"predecessor-version":[{"id":1863,"href":"https:\/\/sindicarpa.com.br\/index.php\/wp-json\/wp\/v2\/posts\/1563\/revisions\/1863"}],"wp:featuredmedia":[{"embeddable":true,"href":"https:\/\/sindicarpa.com.br\/index.php\/wp-json\/wp\/v2\/media\/1565"}],"wp:attachment":[{"href":"https:\/\/sindicarpa.com.br\/index.php\/wp-json\/wp\/v2\/media?parent=1563"}],"wp:term":[{"taxonomy":"category","embeddable":true,"href":"https:\/\/sindicarpa.com.br\/index.php\/wp-json\/wp\/v2\/categories?post=1563"},{"taxonomy":"post_tag","embeddable":true,"href":"https:\/\/sindicarpa.com.br\/index.php\/wp-json\/wp\/v2\/tags?post=1563"}],"curies":[{"name":"wp","href":"https:\/\/api.w.org\/{rel}","templated":true}]}}