{"id":1569,"date":"2021-08-11T09:00:08","date_gmt":"2021-08-11T12:00:08","guid":{"rendered":"http:\/\/sindicarpa.com.br\/?p=1569"},"modified":"2023-09-01T14:48:21","modified_gmt":"2023-09-01T17:48:21","slug":"seminario-itinerante-comjovem-edicao-belem","status":"publish","type":"post","link":"https:\/\/sindicarpa.com.br\/index.php\/2021\/08\/11\/seminario-itinerante-comjovem-edicao-belem\/","title":{"rendered":"Semin\u00e1rio Itinerante COMJOVEM | Edi\u00e7\u00e3o Bel\u00e9m"},"content":{"rendered":"<p>Vem a\u00ed mais uma edi\u00e7\u00e3o do Semin\u00e1rio Itinerante, dessa vez sediado na cidade de Bel\u00e9m\/PA no dia 16 de setembro.<\/p>\n<p>Promovido pela NTC&amp;Log\u00edstica h\u00e1 17 anos, o evento tem como objetivo promover aproxima\u00e7\u00e3o entre os associados e a atualiza\u00e7\u00e3o t\u00e9cnica, fornecendo oportunidade de novos neg\u00f3cios aos transportadores da regi\u00e3o, sempre contando com uma programa\u00e7\u00e3o diversi\ufb01cada, atrav\u00e9s de temas ligados a tecnologia, gest\u00e3o de frotas, al\u00e9m de insights e muito networking.<\/p>\n<p>O evento ser\u00e1 realizado de maneira\u00a0<strong>100% presencial<\/strong>, obedecendo todos os protocolos de seguran\u00e7a e aberta para todos os empres\u00e1rios da regi\u00e3o que contribuem para um TRC cada vez mais forte.<\/p>\n<p>Esperamos por voc\u00ea!<\/p>\n<p>Fonte: NTC<\/p>\n<p><a href=\"https:\/\/www.portalntc.org.br\/eventos\/seminario-itinerante-comjovem-edicao-belem\/?utm_campaign=seminario_itinerante_comjovem__edicao_belem&amp;utm_medium=email&amp;utm_source=RD+Station\"><img loading=\"lazy\" decoding=\"async\" class=\"aligncenter wp-image-1570 size-full\" src=\"https:\/\/sindicarpa.com.br\/wp-content\/uploads\/2021\/08\/clique.png\" alt=\"\" width=\"350\" height=\"97\" srcset=\"https:\/\/sindicarpa.com.br\/wp-content\/uploads\/2021\/08\/clique.png 350w, https:\/\/sindicarpa.com.br\/wp-content\/uploads\/2021\/08\/clique-300x83.png 300w\" sizes=\"auto, (max-width: 350px) 100vw, 350px\" \/><\/a><\/p>\n<p><img loading=\"lazy\" decoding=\"async\" class=\"alignnone size-full wp-image-1571\" src=\"https:\/\/sindicarpa.com.br\/wp-content\/uploads\/2021\/08\/patrocinios.png\" alt=\"\" width=\"700\" height=\"700\" srcset=\"https:\/\/sindicarpa.com.br\/wp-content\/uploads\/2021\/08\/patrocinios.png 700w, https:\/\/sindicarpa.com.br\/wp-content\/uploads\/2021\/08\/patrocinios-300x300.png 300w, https:\/\/sindicarpa.com.br\/wp-content\/uploads\/2021\/08\/patrocinios-150x150.png 150w, https:\/\/sindicarpa.com.br\/wp-content\/uploads\/2021\/08\/patrocinios-696x696.png 696w, https:\/\/sindicarpa.com.br\/wp-content\/uploads\/2021\/08\/patrocinios-420x420.png 420w\" sizes=\"auto, (max-width: 700px) 100vw, 700px\" \/><\/p>\n","protected":false},"excerpt":{"rendered":"<p>Vem a\u00ed mais uma edi\u00e7\u00e3o do Semin\u00e1rio Itinerante, dessa vez sediado na cidade de Bel\u00e9m\/PA no dia 16 de setembro. Promovido pela NTC&amp;Log\u00edstica h\u00e1 17 anos, o evento tem como objetivo promover aproxima\u00e7\u00e3o entre os associados e a atualiza\u00e7\u00e3o t\u00e9cnica, fornecendo oportunidade de novos neg\u00f3cios aos transportadores da regi\u00e3o, sempre contando com uma programa\u00e7\u00e3o diversi\ufb01cada, [&hellip;]<\/p>\n","protected":false},"author":1,"featured_media":1572,"comment_status":"open","ping_status":"closed","sticky":false,"template":"","format":"standard","meta":{"footnotes":""},"categories":[63,24],"tags":[61,72,77],"class_list":{"0":"post-1569","1":"post","2":"type-post","3":"status-publish","4":"format-standard","5":"has-post-thumbnail","7":"category-eventos","8":"category-sindicarpa","9":"tag-conjovem","10":"tag-conjovem-belem","11":"tag-seminario-itinerante"},"_links":{"self":[{"href":"https:\/\/sindicarpa.com.br\/index.php\/wp-json\/wp\/v2\/posts\/1569","targetHints":{"allow":["GET"]}}],"collection":[{"href":"https:\/\/sindicarpa.com.br\/index.php\/wp-json\/wp\/v2\/posts"}],"about":[{"href":"https:\/\/sindicarpa.com.br\/index.php\/wp-json\/wp\/v2\/types\/post"}],"author":[{"embeddable":true,"href":"https:\/\/sindicarpa.com.br\/index.php\/wp-json\/wp\/v2\/users\/1"}],"replies":[{"embeddable":true,"href":"https:\/\/sindicarpa.com.br\/index.php\/wp-json\/wp\/v2\/comments?post=1569"}],"version-history":[{"count":1,"href":"https:\/\/sindicarpa.com.br\/index.php\/wp-json\/wp\/v2\/posts\/1569\/revisions"}],"predecessor-version":[{"id":1864,"href":"https:\/\/sindicarpa.com.br\/index.php\/wp-json\/wp\/v2\/posts\/1569\/revisions\/1864"}],"wp:featuredmedia":[{"embeddable":true,"href":"https:\/\/sindicarpa.com.br\/index.php\/wp-json\/wp\/v2\/media\/1572"}],"wp:attachment":[{"href":"https:\/\/sindicarpa.com.br\/index.php\/wp-json\/wp\/v2\/media?parent=1569"}],"wp:term":[{"taxonomy":"category","embeddable":true,"href":"https:\/\/sindicarpa.com.br\/index.php\/wp-json\/wp\/v2\/categories?post=1569"},{"taxonomy":"post_tag","embeddable":true,"href":"https:\/\/sindicarpa.com.br\/index.php\/wp-json\/wp\/v2\/tags?post=1569"}],"curies":[{"name":"wp","href":"https:\/\/api.w.org\/{rel}","templated":true}]}}