{"id":1612,"date":"2021-09-01T09:00:23","date_gmt":"2021-09-01T12:00:23","guid":{"rendered":"http:\/\/sindicarpa.com.br\/?p=1612"},"modified":"2023-09-01T14:48:24","modified_gmt":"2023-09-01T17:48:24","slug":"nova-edicao-do-seminario-itinerante-conjovem","status":"publish","type":"post","link":"https:\/\/sindicarpa.com.br\/index.php\/2021\/09\/01\/nova-edicao-do-seminario-itinerante-conjovem\/","title":{"rendered":"Programa\u00e7\u00e3o da nova edi\u00e7\u00e3o do Semin\u00e1rio Itinerante CONJOVEM"},"content":{"rendered":"<p>Vem a\u00ed mais uma edi\u00e7\u00e3o do Semin\u00e1rio Itinerante, desta vez sediado na cidade de Bel\u00e9m\/PA no dia 16 de setembro.<\/p>\n<p>Promovido pela\u00a0<a class=\"st_tag internal_tag\" title=\"Posts com o assunto NTC\" href=\"https:\/\/www.portalntc.org.br\/assunto\/ntc\/\" rel=\"tag\">NTC<\/a>&amp;Log\u00edstica h\u00e1 17 anos, o evento tem como objetivo promover aproxima\u00e7\u00e3o entre os associados e a atualiza\u00e7\u00e3o t\u00e9cnica, fornecendo oportunidade de novos neg\u00f3cios aos transportadores da regi\u00e3o, sempre contando com uma programa\u00e7\u00e3o diversi\ufb01cada, atrav\u00e9s de temas ligados a tecnologia, gest\u00e3o de frotas, al\u00e9m de insights e muito networking.<\/p>\n<p>O evento ser\u00e1 realizado de maneira 100% presencial, obedecendo todos os protocolos de seguran\u00e7a e aberto para todos os empres\u00e1rios da regi\u00e3o que contribuem para um TRC cada vez mais forte.<\/p>\n<p><strong>CONFIRA A PROGRAMA\u00c7\u00c3O DO EVENTO<\/strong><\/p>\n<p><strong>09h30 Abertura<\/strong><\/p>\n<p><strong>Andr\u00e9 de Simone \u2013 Coordenador Nacional da COMJOVEM<\/strong><\/p>\n<p><strong>Geovani Serafim \u2013 Vice-coordenador Nacional da COMJOVEM<\/strong><\/p>\n<p><strong>Ricardo Filho \u2013 Coordenador do N\u00facleo da COMJOVEM Bel\u00e9m<\/strong><\/p>\n<p><strong>Francisco Pelucio \u2013 Presidente da\u00a0<a class=\"st_tag internal_tag\" title=\"Posts com o assunto NTC\" href=\"https:\/\/www.portalntc.org.br\/assunto\/ntc\/\" rel=\"tag\">NTC<\/a>&amp;Log\u00edstica (v\u00eddeo)<\/strong><\/p>\n<p><strong>Irani Bertolini \u2013 Presidente do Fetramaz (v\u00eddeo)<\/strong><\/p>\n<p><strong>Daniel Bertolini \u2013 Presidente do Sindicarpa<\/strong><\/p>\n<p><strong>Momento Parceiros\u00a0<a class=\"st_tag internal_tag\" title=\"Posts com o assunto NTC\" href=\"https:\/\/www.portalntc.org.br\/assunto\/ntc\/\" rel=\"tag\">NTC<\/a><\/strong><\/p>\n<p><strong>Comunicados especiais<\/strong><\/p>\n<p><strong>LGPD: Uma nova realidade<\/strong><\/p>\n<p><strong>Palestra ministrada por Narciso Figueir\u00f4a Jr. \u2013 Assessor Jur\u00eddico da NTC&amp;Log\u00edstica<\/strong><\/p>\n<p><strong>Comunicados especiais<\/strong><\/p>\n<p><strong>Sistema Tarif\u00e1rio e o Mercado de Transporte Rodovi\u00e1rio de Carga<\/strong><\/p>\n<p><strong>Palestra ministrada por Lauro Valdivia \u2013 Assessor T\u00e9cnico da NTC&amp;Log\u00edstica<\/strong><\/p>\n<p><strong>Inova\u00e7\u00e3o e Tecnologia na Log\u00edstica<\/strong><\/p>\n<p><strong>Palestra ministrada por Luiz Fernando Rodrigues \u2013 Mendes Gest\u00e3o Empresarial<\/strong><\/p>\n<p><strong>12h00 Encerramento<\/strong><\/p>\n<p><strong>Inscreva-se e adquira o seu ingresso gratuitamente em:\u00a0<\/strong><a href=\"https:\/\/www.sympla.com.br\/seminario-itinerante-belem__1310005\">https:\/\/www.sympla.com.br\/seminario-itinerante-belem__1310005<\/a><\/p>\n<p><strong>O evento \u00e9 uma realiza\u00e7\u00e3o da NTC&amp;Log\u00edstica e a COMJOVEM com o apoio das entidades anfitri\u00e3s, o SINDICARPA e a FETRAMAZ, o n\u00facleo da COMJOVEM em Bel\u00e9m como anfitri\u00e3o,<\/strong><strong>apoio institucional da CNT (Confedera\u00e7\u00e3o Nacional do Transporte), do SEST SENAT e do ITL (Instituto de Transporte e Log\u00edstica) e a FUMTRAN, com o patroc\u00ednio da Iveco e da Mercedes-Benz.<\/p>\n<p>Local: Grand Mercure Bel\u00e9m do Par\u00e1<br \/>\nAv. Nazar\u00e9 N\u00ba 375 CEP 66035115 Bel\u00e9m\/PA -BRASIL<br \/>\n<\/strong><\/p>\n<p>Fonte: <a href=\"https:\/\/www.portalntc.org.br\/confira-a-programacao-do-seminario-itinerante-da-comjovem-que-acontece-em-belem\/\">Portal NTC<\/a><\/p>\n","protected":false},"excerpt":{"rendered":"<p>Vem a\u00ed mais uma edi\u00e7\u00e3o do Semin\u00e1rio Itinerante, desta vez sediado na cidade de Bel\u00e9m\/PA no dia 16 de setembro. Promovido pela\u00a0NTC&amp;Log\u00edstica h\u00e1 17 anos, o evento tem como objetivo promover aproxima\u00e7\u00e3o entre os associados e a atualiza\u00e7\u00e3o t\u00e9cnica, fornecendo oportunidade de novos neg\u00f3cios aos transportadores da regi\u00e3o, sempre contando com uma programa\u00e7\u00e3o diversi\ufb01cada, atrav\u00e9s [&hellip;]<\/p>\n","protected":false},"author":1,"featured_media":1613,"comment_status":"open","ping_status":"closed","sticky":false,"template":"","format":"standard","meta":{"footnotes":""},"categories":[63,24],"tags":[61,72,77],"class_list":{"0":"post-1612","1":"post","2":"type-post","3":"status-publish","4":"format-standard","5":"has-post-thumbnail","7":"category-eventos","8":"category-sindicarpa","9":"tag-conjovem","10":"tag-conjovem-belem","11":"tag-seminario-itinerante"},"_links":{"self":[{"href":"https:\/\/sindicarpa.com.br\/index.php\/wp-json\/wp\/v2\/posts\/1612","targetHints":{"allow":["GET"]}}],"collection":[{"href":"https:\/\/sindicarpa.com.br\/index.php\/wp-json\/wp\/v2\/posts"}],"about":[{"href":"https:\/\/sindicarpa.com.br\/index.php\/wp-json\/wp\/v2\/types\/post"}],"author":[{"embeddable":true,"href":"https:\/\/sindicarpa.com.br\/index.php\/wp-json\/wp\/v2\/users\/1"}],"replies":[{"embeddable":true,"href":"https:\/\/sindicarpa.com.br\/index.php\/wp-json\/wp\/v2\/comments?post=1612"}],"version-history":[{"count":1,"href":"https:\/\/sindicarpa.com.br\/index.php\/wp-json\/wp\/v2\/posts\/1612\/revisions"}],"predecessor-version":[{"id":1865,"href":"https:\/\/sindicarpa.com.br\/index.php\/wp-json\/wp\/v2\/posts\/1612\/revisions\/1865"}],"wp:featuredmedia":[{"embeddable":true,"href":"https:\/\/sindicarpa.com.br\/index.php\/wp-json\/wp\/v2\/media\/1613"}],"wp:attachment":[{"href":"https:\/\/sindicarpa.com.br\/index.php\/wp-json\/wp\/v2\/media?parent=1612"}],"wp:term":[{"taxonomy":"category","embeddable":true,"href":"https:\/\/sindicarpa.com.br\/index.php\/wp-json\/wp\/v2\/categories?post=1612"},{"taxonomy":"post_tag","embeddable":true,"href":"https:\/\/sindicarpa.com.br\/index.php\/wp-json\/wp\/v2\/tags?post=1612"}],"curies":[{"name":"wp","href":"https:\/\/api.w.org\/{rel}","templated":true}]}}