{"id":1627,"date":"2021-09-17T22:15:48","date_gmt":"2021-09-18T01:15:48","guid":{"rendered":"http:\/\/sindicarpa.com.br\/?p=1627"},"modified":"2023-09-01T14:49:15","modified_gmt":"2023-09-01T17:49:15","slug":"reuniao-com-a-diretoria-da-fetramaz","status":"publish","type":"post","link":"https:\/\/sindicarpa.com.br\/index.php\/2021\/09\/17\/reuniao-com-a-diretoria-da-fetramaz\/","title":{"rendered":"3\u00aa Reuni\u00e3o Ordin\u00e1ria com diretoria da Fetramaz"},"content":{"rendered":"<p>Reuniram-se na manh\u00e3 de hoje na sede do SINDICARPA a Diretoria da FETRAMAZ e Diretores convidados do sindicato para a terceira reuni\u00e3o ordin\u00e1ria, para tratar de temas importantes para o setor de Transportes.<\/p>\n","protected":false},"excerpt":{"rendered":"<p>Reuniram-se na manh\u00e3 de hoje na sede do SINDICARPA a Diretoria da FETRAMAZ e Diretores convidados do sindicato para a terceira reuni\u00e3o ordin\u00e1ria, para tratar de temas importantes para o setor de Transportes.<\/p>\n","protected":false},"author":1,"featured_media":1626,"comment_status":"open","ping_status":"closed","sticky":false,"template":"","format":"standard","meta":{"footnotes":""},"categories":[58,24],"tags":[81,80],"class_list":{"0":"post-1627","1":"post","2":"type-post","3":"status-publish","4":"format-standard","5":"has-post-thumbnail","7":"category-noticias","8":"category-sindicarpa","9":"tag-fetramaz","10":"tag-reuniao"},"_links":{"self":[{"href":"https:\/\/sindicarpa.com.br\/index.php\/wp-json\/wp\/v2\/posts\/1627","targetHints":{"allow":["GET"]}}],"collection":[{"href":"https:\/\/sindicarpa.com.br\/index.php\/wp-json\/wp\/v2\/posts"}],"about":[{"href":"https:\/\/sindicarpa.com.br\/index.php\/wp-json\/wp\/v2\/types\/post"}],"author":[{"embeddable":true,"href":"https:\/\/sindicarpa.com.br\/index.php\/wp-json\/wp\/v2\/users\/1"}],"replies":[{"embeddable":true,"href":"https:\/\/sindicarpa.com.br\/index.php\/wp-json\/wp\/v2\/comments?post=1627"}],"version-history":[{"count":2,"href":"https:\/\/sindicarpa.com.br\/index.php\/wp-json\/wp\/v2\/posts\/1627\/revisions"}],"predecessor-version":[{"id":1869,"href":"https:\/\/sindicarpa.com.br\/index.php\/wp-json\/wp\/v2\/posts\/1627\/revisions\/1869"}],"wp:featuredmedia":[{"embeddable":true,"href":"https:\/\/sindicarpa.com.br\/index.php\/wp-json\/wp\/v2\/media\/1626"}],"wp:attachment":[{"href":"https:\/\/sindicarpa.com.br\/index.php\/wp-json\/wp\/v2\/media?parent=1627"}],"wp:term":[{"taxonomy":"category","embeddable":true,"href":"https:\/\/sindicarpa.com.br\/index.php\/wp-json\/wp\/v2\/categories?post=1627"},{"taxonomy":"post_tag","embeddable":true,"href":"https:\/\/sindicarpa.com.br\/index.php\/wp-json\/wp\/v2\/tags?post=1627"}],"curies":[{"name":"wp","href":"https:\/\/api.w.org\/{rel}","templated":true}]}}