{"id":1739,"date":"2023-03-10T09:00:39","date_gmt":"2023-03-10T12:00:39","guid":{"rendered":"http:\/\/sindicarpa.com.br\/?p=1739"},"modified":"2023-09-01T15:04:01","modified_gmt":"2023-09-01T18:04:01","slug":"1a-reuniao-ordinaria-da-fetramaz","status":"publish","type":"post","link":"https:\/\/sindicarpa.com.br\/index.php\/2023\/03\/10\/1a-reuniao-ordinaria-da-fetramaz\/","title":{"rendered":"1\u00aa Reuni\u00e3o Ordin\u00e1ria da Fetramaz"},"content":{"rendered":"<p>1\u00aa reuni\u00e3o ordin\u00e1ria da FETRAMAZ \u2013 Federa\u00e7\u00e3o das Empresas de Log\u00edstica, Transporte e Agenciamento de Cargas da Amaz\u00f4nia. E reuni\u00e3o ordin\u00e1ria conjunta do Conselho Regional Norte II (CRN II) e SEST-SENAT.<\/p>\n<p>As Reuni\u00f5es foram realizadas na sede da FETRAMAZ\/SETCAM<\/p>\n","protected":false},"excerpt":{"rendered":"<p>1\u00aa reuni\u00e3o ordin\u00e1ria da FETRAMAZ \u2013 Federa\u00e7\u00e3o das Empresas de Log\u00edstica, Transporte e Agenciamento de Cargas da Amaz\u00f4nia. E reuni\u00e3o ordin\u00e1ria conjunta do Conselho Regional Norte II (CRN II) e SEST-SENAT. As Reuni\u00f5es foram realizadas na sede da FETRAMAZ\/SETCAM<\/p>\n","protected":false},"author":1,"featured_media":1740,"comment_status":"open","ping_status":"closed","sticky":false,"template":"","format":"standard","meta":{"footnotes":""},"categories":[63,24],"tags":[81,80,100],"class_list":{"0":"post-1739","1":"post","2":"type-post","3":"status-publish","4":"format-standard","5":"has-post-thumbnail","7":"category-eventos","8":"category-sindicarpa","9":"tag-fetramaz","10":"tag-reuniao","11":"tag-sindicarpa"},"_links":{"self":[{"href":"https:\/\/sindicarpa.com.br\/index.php\/wp-json\/wp\/v2\/posts\/1739","targetHints":{"allow":["GET"]}}],"collection":[{"href":"https:\/\/sindicarpa.com.br\/index.php\/wp-json\/wp\/v2\/posts"}],"about":[{"href":"https:\/\/sindicarpa.com.br\/index.php\/wp-json\/wp\/v2\/types\/post"}],"author":[{"embeddable":true,"href":"https:\/\/sindicarpa.com.br\/index.php\/wp-json\/wp\/v2\/users\/1"}],"replies":[{"embeddable":true,"href":"https:\/\/sindicarpa.com.br\/index.php\/wp-json\/wp\/v2\/comments?post=1739"}],"version-history":[{"count":1,"href":"https:\/\/sindicarpa.com.br\/index.php\/wp-json\/wp\/v2\/posts\/1739\/revisions"}],"predecessor-version":[{"id":1785,"href":"https:\/\/sindicarpa.com.br\/index.php\/wp-json\/wp\/v2\/posts\/1739\/revisions\/1785"}],"wp:featuredmedia":[{"embeddable":true,"href":"https:\/\/sindicarpa.com.br\/index.php\/wp-json\/wp\/v2\/media\/1740"}],"wp:attachment":[{"href":"https:\/\/sindicarpa.com.br\/index.php\/wp-json\/wp\/v2\/media?parent=1739"}],"wp:term":[{"taxonomy":"category","embeddable":true,"href":"https:\/\/sindicarpa.com.br\/index.php\/wp-json\/wp\/v2\/categories?post=1739"},{"taxonomy":"post_tag","embeddable":true,"href":"https:\/\/sindicarpa.com.br\/index.php\/wp-json\/wp\/v2\/tags?post=1739"}],"curies":[{"name":"wp","href":"https:\/\/api.w.org\/{rel}","templated":true}]}}