{"id":1746,"date":"2023-03-29T09:00:52","date_gmt":"2023-03-29T12:00:52","guid":{"rendered":"http:\/\/sindicarpa.com.br\/?p=1746"},"modified":"2023-09-01T15:05:36","modified_gmt":"2023-09-01T18:05:36","slug":"antt-inicio-a-validacao-da-portaria-que-trata-sobre-a-revalidacao-ordinaria-do-rntrc","status":"publish","type":"post","link":"https:\/\/sindicarpa.com.br\/index.php\/2023\/03\/29\/antt-inicio-a-validacao-da-portaria-que-trata-sobre-a-revalidacao-ordinaria-do-rntrc\/","title":{"rendered":"ANTT deu iniciou a revalida\u00e7\u00e3o ordin\u00e1ria do RNTRC"},"content":{"rendered":"<p>A\u00a0<strong><em>ANTT<\/em><\/strong>\u00a0publicou, em 23 de dezembro de 2022, a\u00a0<strong>Portaria ANTT N\u00ba 220\/2022<\/strong>, que define os procedimentos para\u00a0<strong>Revalida\u00e7\u00e3o Ordin\u00e1ria<\/strong>\u00a0dos dados cadastrais no Registro Nacional de Transportadores Rodovi\u00e1rios de Cargas &#8211;\u00a0<strong>RNTRC<\/strong>.<\/p>\n<p>Dentre os principais pontos da\u00a0<strong>Portaria<\/strong>, podemos destacar:<\/p>\n<ul>\n<li>O objetivo da\u00a0<strong>Revalida\u00e7\u00e3o Ordin\u00e1ria<\/strong>, que \u00e9 a\u00a0<u>atualiza\u00e7\u00e3o dos dados cadastrais dos transportadores inscritos no\u00a0<strong>RNTRC<\/strong>\u00a0e dos respectivos ve\u00edculos cadastrados em sua frota<\/u>, al\u00e9m da adequa\u00e7\u00e3o aos requisitos para inscri\u00e7\u00e3o e manuten\u00e7\u00e3o de seu registro, conforme disposto na\u00a0<strong><em>Resolu\u00e7\u00e3o ANTT n\u00ba 5.982<\/em><\/strong>, de 23 de junho de 2022.<\/li>\n<\/ul>\n<ul>\n<li>Todos os transportadores inscritos no\u00a0<strong>RNTRC\u00a0<\/strong>que estejam com seu registro nas situa\u00e7\u00f5es\u00a0<strong>ATIVO<\/strong>,\u00a0<strong>PENDENTE\u00a0<\/strong>ou\u00a0<strong>SUSPENSO\u00a0<\/strong>dever\u00e3o observar os procedimentos de Revalida\u00e7\u00e3o, independente de sua categoria (ETC, CTC ou TAC).<\/li>\n<\/ul>\n<ul>\n<li>Os novos transportadores inscritos no\u00a0<strong>RNTRC\u00a0<\/strong>a partir de\u00a0<strong>1\u00ba de setembro de 2022<\/strong>\u00a0<u>ficam dispensados de realizar os procedimentos de Revalida\u00e7\u00e3o Ordin\u00e1ria<\/u>.<\/li>\n<\/ul>\n<ul>\n<li>A\u00a0<strong><em>ANTT<\/em><\/strong>\u00a0far\u00e1 uma atualiza\u00e7\u00e3o de dados automatizada diretamente com a\u00a0<strong>RFB\u00a0<\/strong>e com o\u00a0<strong>SENATRAN<\/strong>,\u00a0<u>revalidando de forma autom\u00e1tica<\/u>\u00a0todos os transportadores que estiverem em conformidade com os requisitos para a manuten\u00e7\u00e3o do\u00a0<strong>RNTRC<\/strong>. J\u00e1 os transportadores que tiverem\u00a0<u>qualquer tipo de inconformidade<\/u>\u00a0verificada,\u00a0<strong>dever\u00e3o adequar-se realizando um pedido de Revalida\u00e7\u00e3o Ordin\u00e1ria<\/strong>, conforme o cronograma abaixo:<\/li>\n<\/ul>\n<table width=\"80%\">\n<tbody>\n<tr>\n<td><strong>\u00a0Categoria do Transportador<\/strong><\/td>\n<td><strong>\u00a0Data de In\u00edcio<\/strong><\/td>\n<td><strong>\u00a0Data de Fim<\/strong><\/td>\n<\/tr>\n<tr>\n<td>\u00a0\u00a0\u00a0\u00a0CTC<\/td>\n<td>27\/03\/2023<\/td>\n<td>21\/01\/2024<\/td>\n<\/tr>\n<tr>\n<td>\u00a0\u00a0\u00a0\u00a0ETC<\/td>\n<td>27\/04\/2023<\/td>\n<td>21\/02\/2024<\/td>\n<\/tr>\n<tr>\n<td>\u00a0 \u00a0 TAC<\/td>\n<td>27\/05\/2023<\/td>\n<td>22\/03\/2024<\/td>\n<\/tr>\n<\/tbody>\n<\/table>\n<ul>\n<li>Ap\u00f3s o t\u00e9rmino do cronograma, os transportadores que n\u00e3o tiveram realizado a atualiza\u00e7\u00e3o de seus dados atrav\u00e9s da revalida\u00e7\u00e3o ordin\u00e1ria, ter\u00e3o seus RNTRCs suspensos at\u00e9 a regulariza\u00e7\u00e3o de seu cadastro, ficando assim impedidos de realizar o transporte rodovi\u00e1rio remunerado de cargas.<\/li>\n<\/ul>\n<p><strong>FONTE: SITCARGA<\/strong><\/p>\n","protected":false},"excerpt":{"rendered":"<p>A\u00a0ANTT\u00a0publicou, em 23 de dezembro de 2022, a\u00a0Portaria ANTT N\u00ba 220\/2022, que define os procedimentos para\u00a0Revalida\u00e7\u00e3o Ordin\u00e1ria\u00a0dos dados cadastrais no Registro Nacional de Transportadores Rodovi\u00e1rios de Cargas &#8211;\u00a0RNTRC. Dentre os principais pontos da\u00a0Portaria, podemos destacar: O objetivo da\u00a0Revalida\u00e7\u00e3o Ordin\u00e1ria, que \u00e9 a\u00a0atualiza\u00e7\u00e3o dos dados cadastrais dos transportadores inscritos no\u00a0RNTRC\u00a0e dos respectivos ve\u00edculos cadastrados em sua [&hellip;]<\/p>\n","protected":false},"author":1,"featured_media":1747,"comment_status":"open","ping_status":"closed","sticky":false,"template":"","format":"standard","meta":{"footnotes":""},"categories":[66,58],"tags":[116,103,98,97],"class_list":{"0":"post-1746","1":"post","2":"type-post","3":"status-publish","4":"format-standard","5":"has-post-thumbnail","7":"category-leis-e-documentacao","8":"category-noticias","9":"tag-antt","10":"tag-transportadores","11":"tag-transporte-de-carga","12":"tag-transporte-rodoviario"},"_links":{"self":[{"href":"https:\/\/sindicarpa.com.br\/index.php\/wp-json\/wp\/v2\/posts\/1746","targetHints":{"allow":["GET"]}}],"collection":[{"href":"https:\/\/sindicarpa.com.br\/index.php\/wp-json\/wp\/v2\/posts"}],"about":[{"href":"https:\/\/sindicarpa.com.br\/index.php\/wp-json\/wp\/v2\/types\/post"}],"author":[{"embeddable":true,"href":"https:\/\/sindicarpa.com.br\/index.php\/wp-json\/wp\/v2\/users\/1"}],"replies":[{"embeddable":true,"href":"https:\/\/sindicarpa.com.br\/index.php\/wp-json\/wp\/v2\/comments?post=1746"}],"version-history":[{"count":2,"href":"https:\/\/sindicarpa.com.br\/index.php\/wp-json\/wp\/v2\/posts\/1746\/revisions"}],"predecessor-version":[{"id":1749,"href":"https:\/\/sindicarpa.com.br\/index.php\/wp-json\/wp\/v2\/posts\/1746\/revisions\/1749"}],"wp:featuredmedia":[{"embeddable":true,"href":"https:\/\/sindicarpa.com.br\/index.php\/wp-json\/wp\/v2\/media\/1747"}],"wp:attachment":[{"href":"https:\/\/sindicarpa.com.br\/index.php\/wp-json\/wp\/v2\/media?parent=1746"}],"wp:term":[{"taxonomy":"category","embeddable":true,"href":"https:\/\/sindicarpa.com.br\/index.php\/wp-json\/wp\/v2\/categories?post=1746"},{"taxonomy":"post_tag","embeddable":true,"href":"https:\/\/sindicarpa.com.br\/index.php\/wp-json\/wp\/v2\/tags?post=1746"}],"curies":[{"name":"wp","href":"https:\/\/api.w.org\/{rel}","templated":true}]}}