{"id":1787,"date":"2023-07-31T14:46:48","date_gmt":"2023-07-31T17:46:48","guid":{"rendered":"http:\/\/sindicarpa.com.br\/?p=1787"},"modified":"2023-09-15T16:18:37","modified_gmt":"2023-09-15T19:18:37","slug":"comunicado-do-sindicarpa-ao-transportador-sobre-alteracoes-feitas-pelo-stf-na-lei-1310315","status":"publish","type":"post","link":"https:\/\/sindicarpa.com.br\/index.php\/2023\/07\/31\/comunicado-do-sindicarpa-ao-transportador-sobre-alteracoes-feitas-pelo-stf-na-lei-1310315\/","title":{"rendered":"Comunicado do Sindicarpa ao transportador sobre altera\u00e7\u00f5es feitas pelo STF na\u00a0Lei\u00a013.103\/15."},"content":{"rendered":"<p>O SINDICARPA alerta as empresas do transporte rodovi\u00e1rio de cargas sob os impactos negativos e nefastos que a decis\u00e3o de inconstitucionalidade de alguns dispositivos da Lei 13.103\/15, por decis\u00e3o do STF, acarreta ao setor, \u00e0 economia, ao n\u00edvel de emprego e \u00e0 produtividade das empresas, para tomarem as medidas necess\u00e1rias, inclusive na busca do di\u00e1logo com o setor industrial e comercial para promoverem o reequil\u00edbrio contratual advindos dos enormes custos que vir\u00e3o.<\/p>\n<p>O Supremo Tribunal Federal encerrou, em 30\/06\/2023, o julgamento da ADI 5322, que trata da Lei n\u00ba 13.103\/2015, que regulamenta a profiss\u00e3o do motorista profissional, declarando inconstitucionais alguns de seus dispositivos.<\/p>\n<p>Por enquanto n\u00e3o ocorreu a publica\u00e7\u00e3o da decis\u00e3o, mas a declara\u00e7\u00e3o de inconstitucionalidade repercute nos seguintes temas: tempo de espera; indeniza\u00e7\u00e3o do tempo de espera em 30% do sal\u00e1rio-hora normal; cumulatividade e fracionamento dos descansos semanais remunerados em viagens de longas dist\u00e2ncias; fracionamento do intervalo interjornada de 11 horas; e repouso com o ve\u00edculo em movimento no caso de viagens em dupla de motoristas.<\/p>\n<p>Vale lembrar que enquanto n\u00e3o houver declara\u00e7\u00e3o sobre modula\u00e7\u00e3o dos efeitos da decis\u00e3o, ou seja, a partir de quando se far\u00e3o incidir, seus efeitos est\u00e3o vigendo desde a publica\u00e7\u00e3o da certid\u00e3o de julgamento que se deu no dia 12\/07\/2023.<\/p>\n<p>A declara\u00e7\u00e3o de inconstitucionalidade da lei promove desequil\u00edbrio em todo o segmento do transporte rodovi\u00e1rio de cargas, com impactos financeiros, operacionais, tribut\u00e1rios e no valor do frete. Estima-se o impacto financeiro acima de 30% (trinta por cento) nos custos das empresas, especialmente com folha de pagamento, jornada de trabalho, n\u00famero de trabalhadores, equipamentos e insumos. As opera\u00e7\u00f5es de transporte, log\u00edstica e armazenamento ser\u00e3o drasticamente afetadas, especialmente nos transportes realizados de longa dist\u00e2ncia, nos tempos de carregamento\/descarregamento, com redu\u00e7\u00e3o da produtividade em no m\u00ednimo 25%.<\/p>\n<p>A reestrutura\u00e7\u00e3o de todas as opera\u00e7\u00f5es de transporte, log\u00edstica e de armazenagem fazem-se necess\u00e1rias. O mercado sentir\u00e1, fortemente, os custos e \u00f4nus que a declara\u00e7\u00e3o de inconstitucionalidade da lei do motorista promover\u00e1 no segmento do transporte rodovi\u00e1rio de cargas e na economia. O transportador n\u00e3o tem condi\u00e7\u00e3o de assumir toda a responsabilidade pela inconstitucionalidade de dispositivos da lei do motorista. O impacto extrapola o pr\u00f3prio segmento econ\u00f4mico transportador, sendo necess\u00e1ria a participa\u00e7\u00e3o conjunta da ind\u00fastria, do com\u00e9rcio, embarcadores e todos os segmentos que direta ou indiretamente participem da cadeia produtiva, de distribui\u00e7\u00e3o e de consumo, sob pena de inviabilizar as atividades de transporte, log\u00edstica e armazenamento.<\/p>\n<p>As empresas de transportes rodovi\u00e1rio de cargas devem se preparar para reorganizar toda a sua opera\u00e7\u00e3o, log\u00edstica, comercial e de recursos humanos, assim como promover o di\u00e1logo com o setor produtivo e comercial, visando melhorar as condi\u00e7\u00f5es no transporte, no armazenamento (rotas, tempo de carregamento\/descarregamento, etc.) e no aumento dos custos do frete.<\/p>\n<p>O SINDICARPA lembra, ainda, que mais do nunca o transportador precisa compreender que a atividade deve ser remunerada pelo que ela merece, dentro da realidade de mercado e de seus custos operacionais, jamais se pautar na inseguran\u00e7a jur\u00eddica de nosso sistema.<\/p>\n<p>O SINDICARPA se mant\u00e9m firme na defesa dos transportadores e encontra-se \u00e0 disposi\u00e7\u00e3o.<\/p>\n<div class=\"wpforms-container wpforms-container-full\" id=\"wpforms-1797\"><form id=\"wpforms-form-1797\" class=\"wpforms-validate wpforms-form\" data-formid=\"1797\" method=\"post\" enctype=\"multipart\/form-data\" action=\"\/index.php\/wp-json\/wp\/v2\/posts\/1787\"><div class=\"wpforms-head-container\"><div class=\"wpforms-title\">TIRE SUAS D\u00daVIDAS<\/div><\/div><div class=\"wpforms-field-container\"><div id=\"wpforms-1797-field_1-container\" class=\"wpforms-field wpforms-field-email\" data-field-id=\"1\"><label class=\"wpforms-field-label\" for=\"wpforms-1797-field_1\">Email: <span class=\"wpforms-required-label\">*<\/span><\/label><input type=\"email\" id=\"wpforms-1797-field_1\" class=\"wpforms-field-large wpforms-field-required\" name=\"wpforms[fields][1]\" placeholder=\"Digite seu e-mail, para que possamos responder as suas d\u00favidas...\" required><\/div><div id=\"wpforms-1797-field_4-container\" class=\"wpforms-field wpforms-field-textarea\" data-field-id=\"4\"><label class=\"wpforms-field-label\" for=\"wpforms-1797-field_4\">Mensagem: <span class=\"wpforms-required-label\">*<\/span><\/label><textarea id=\"wpforms-1797-field_4\" class=\"wpforms-field-medium wpforms-field-required\" name=\"wpforms[fields][4]\" placeholder=\"Suas d\u00favidas aqui...\" required><\/textarea><\/div><\/div><div class=\"wpforms-field wpforms-field-hp\"><label for=\"wpforms-1797-field-hp\" class=\"wpforms-field-label\">Website<\/label><input type=\"text\" name=\"wpforms[hp]\" id=\"wpforms-1797-field-hp\" class=\"wpforms-field-medium\"><\/div><div class=\"wpforms-submit-container\" ><input type=\"hidden\" name=\"wpforms[id]\" value=\"1797\"><input type=\"hidden\" name=\"wpforms[author]\" value=\"1\"><button type=\"submit\" name=\"wpforms[submit]\" class=\"wpforms-submit \" id=\"wpforms-submit-1797\" value=\"wpforms-submit\" data-alt-text=\"Enviando...\">Enviar<\/button><\/div><\/form><\/div>\n","protected":false},"excerpt":{"rendered":"<p>O SINDICARPA alerta as empresas do transporte rodovi\u00e1rio de cargas sob os impactos negativos e nefastos que a decis\u00e3o de inconstitucionalidade de alguns dispositivos da Lei 13.103\/15, por decis\u00e3o do STF, acarreta ao setor, \u00e0 economia, ao n\u00edvel de emprego e \u00e0 produtividade das empresas, para tomarem as medidas necess\u00e1rias, inclusive na busca do di\u00e1logo [&hellip;]<\/p>\n","protected":false},"author":1,"featured_media":1788,"comment_status":"open","ping_status":"closed","sticky":false,"template":"","format":"standard","meta":{"footnotes":""},"categories":[26,24],"tags":[84,92,103,98,97],"class_list":{"0":"post-1787","1":"post","2":"type-post","3":"status-publish","4":"format-standard","5":"has-post-thumbnail","7":"category-comunicados","8":"category-sindicarpa","9":"tag-comunicado","10":"tag-legislacao","11":"tag-transportadores","12":"tag-transporte-de-carga","13":"tag-transporte-rodoviario"},"_links":{"self":[{"href":"https:\/\/sindicarpa.com.br\/index.php\/wp-json\/wp\/v2\/posts\/1787","targetHints":{"allow":["GET"]}}],"collection":[{"href":"https:\/\/sindicarpa.com.br\/index.php\/wp-json\/wp\/v2\/posts"}],"about":[{"href":"https:\/\/sindicarpa.com.br\/index.php\/wp-json\/wp\/v2\/types\/post"}],"author":[{"embeddable":true,"href":"https:\/\/sindicarpa.com.br\/index.php\/wp-json\/wp\/v2\/users\/1"}],"replies":[{"embeddable":true,"href":"https:\/\/sindicarpa.com.br\/index.php\/wp-json\/wp\/v2\/comments?post=1787"}],"version-history":[{"count":4,"href":"https:\/\/sindicarpa.com.br\/index.php\/wp-json\/wp\/v2\/posts\/1787\/revisions"}],"predecessor-version":[{"id":1799,"href":"https:\/\/sindicarpa.com.br\/index.php\/wp-json\/wp\/v2\/posts\/1787\/revisions\/1799"}],"wp:featuredmedia":[{"embeddable":true,"href":"https:\/\/sindicarpa.com.br\/index.php\/wp-json\/wp\/v2\/media\/1788"}],"wp:attachment":[{"href":"https:\/\/sindicarpa.com.br\/index.php\/wp-json\/wp\/v2\/media?parent=1787"}],"wp:term":[{"taxonomy":"category","embeddable":true,"href":"https:\/\/sindicarpa.com.br\/index.php\/wp-json\/wp\/v2\/categories?post=1787"},{"taxonomy":"post_tag","embeddable":true,"href":"https:\/\/sindicarpa.com.br\/index.php\/wp-json\/wp\/v2\/tags?post=1787"}],"curies":[{"name":"wp","href":"https:\/\/api.w.org\/{rel}","templated":true}]}}