{"id":1806,"date":"2023-08-02T09:00:50","date_gmt":"2023-08-02T12:00:50","guid":{"rendered":"http:\/\/sindicarpa.com.br\/?p=1806"},"modified":"2023-09-01T15:13:22","modified_gmt":"2023-09-01T18:13:22","slug":"ananindeua-tera-novos-radares-que-iniciam-o-funcionamento-nesta-segunda-feira","status":"publish","type":"post","link":"https:\/\/sindicarpa.com.br\/index.php\/2023\/08\/02\/ananindeua-tera-novos-radares-que-iniciam-o-funcionamento-nesta-segunda-feira\/","title":{"rendered":"Ananindeua ter\u00e1 novos radares que iniciam o funcionamento nesta segunda-feira, 31"},"content":{"rendered":"<p>A partir desta segunda-feira, 31 de julho, a Secretaria Municipal de Transporte e Tr\u00e2nsito de Ananindeua (SEMUTRAN) inicia a opera\u00e7\u00e3o de novos pontos de fiscaliza\u00e7\u00e3o eletr\u00f4nica no munic\u00edpio. Ao todo 11 vias v\u00e3o contar com os equipamentos.<\/p>\n<p>Os novos pontos s\u00e3o: Estrada do Icu\u00ed, Rua Provid\u00eancia, Avenida SN 21, Avenida M\u00e1rio Covas, Avenida Jo\u00e3o Paulo II, Avenida Independ\u00eancia, Avenida Tr\u00eas Cora\u00e7\u00f5es, Avenida Cl\u00e1udio Sanders, Rodovia dos Trabalhadores, Avenida Dom Vicente Zico, Avenida gov. H\u00e9lio da Mota Gueiros.<\/p>\n<p>As vias que receberam os equipamentos j\u00e1 est\u00e3o sinalizadas, com placas \u201cFiscaliza\u00e7\u00e3o Eletr\u00f4nica\u201d e a quilometragem permitida para o tr\u00e1fego na via. De 500 a 100 metros tem a primeira placa indicando a fiscaliza\u00e7\u00e3o por videomonitoramento, fique atento.<\/p>\n<p>Os pontos fixos de fiscaliza\u00e7\u00e3o por videomonitoramento s\u00e3o utilizados para controlar a velocidade dos ve\u00edculos, no sentido de combater o excesso de velocidade dos condutores. Com os equipamentos tamb\u00e9m podem ser autuados condutores e ve\u00edculos, cujas infra\u00e7\u00f5es por descumprimento das normas gerais de circula\u00e7\u00e3o e conduta tenham sido detectadas de forma \u201conline\u201d, nos termos do art. 2\u00ba, da Resolu\u00e7\u00e3o 909\/2022 \u2013 Conselho Nacional de Tr\u00e2nsito (CONTRAN).<\/p>\n<p><strong>CONTRAN &#8211;\u00a0<\/strong>a Resolu\u00e7\u00e3o 909\/2022, tipifica a observ\u00e2ncia dos seguintes crit\u00e9rios para o exerc\u00edcio da fiscaliza\u00e7\u00e3o mediante videomonitoramento:<\/p>\n<p>I \u2013 Pr\u00e9via sinaliza\u00e7\u00e3o, da via monitorada, com placas verticais de indica\u00e7\u00e3o, nos termos da Resolu\u00e7\u00e3o 973\/2022 \u2013 CONTRAN (Manual Brasileiro de Sinaliza\u00e7\u00e3o de Tr\u00e2nsito), informando os condutores de ve\u00edculos acerca da exist\u00eancia desse tipo de fiscaliza\u00e7\u00e3o.<\/p>\n<p>II \u2013 A constata\u00e7\u00e3o da conduta infracional deve ocorrer pela autoridade ou agente da autoridade de tr\u00e2nsito por interm\u00e9dio de uma conex\u00e3o, direta ou remota, do dispositivo captador da imagem a um computador ou a uma rede de computadores, de forma \u201conline\u201d.<\/p>\n<p>III \u2013 A autoridade ou o agente da autoridade de tr\u00e2nsito respons\u00e1vel pela lavratura do auto de infra\u00e7\u00e3o dever\u00e1 informar no, campo \u201cobserva\u00e7\u00e3o\u201d, que a forma com que foi constatado o cometimento do ato infracional decorreu de videomonitoramento, de forma \u201conline\u201d.<\/p>\n<p>Fonte: Secom, Portal da Prefeitura de Ananindeua.<\/p>\n<div class=\"wpforms-container wpforms-container-full\" id=\"wpforms-1797\"><form id=\"wpforms-form-1797\" class=\"wpforms-validate wpforms-form\" data-formid=\"1797\" method=\"post\" enctype=\"multipart\/form-data\" action=\"\/index.php\/wp-json\/wp\/v2\/posts\/1806\"><div class=\"wpforms-head-container\"><div class=\"wpforms-title\">TIRE SUAS D\u00daVIDAS<\/div><\/div><div class=\"wpforms-field-container\"><div id=\"wpforms-1797-field_1-container\" class=\"wpforms-field wpforms-field-email\" data-field-id=\"1\"><label class=\"wpforms-field-label\" for=\"wpforms-1797-field_1\">Email: <span class=\"wpforms-required-label\">*<\/span><\/label><input type=\"email\" id=\"wpforms-1797-field_1\" class=\"wpforms-field-large wpforms-field-required\" name=\"wpforms[fields][1]\" placeholder=\"Digite seu e-mail, para que possamos responder as suas d\u00favidas...\" required><\/div><div id=\"wpforms-1797-field_4-container\" class=\"wpforms-field wpforms-field-textarea\" data-field-id=\"4\"><label class=\"wpforms-field-label\" for=\"wpforms-1797-field_4\">Mensagem: <span class=\"wpforms-required-label\">*<\/span><\/label><textarea id=\"wpforms-1797-field_4\" class=\"wpforms-field-medium wpforms-field-required\" name=\"wpforms[fields][4]\" placeholder=\"Suas d\u00favidas aqui...\" required><\/textarea><\/div><\/div><div class=\"wpforms-field wpforms-field-hp\"><label for=\"wpforms-1797-field-hp\" class=\"wpforms-field-label\">Comment<\/label><input type=\"text\" name=\"wpforms[hp]\" id=\"wpforms-1797-field-hp\" class=\"wpforms-field-medium\"><\/div><div class=\"wpforms-submit-container\" ><input type=\"hidden\" name=\"wpforms[id]\" value=\"1797\"><input type=\"hidden\" name=\"wpforms[author]\" value=\"1\"><button type=\"submit\" name=\"wpforms[submit]\" class=\"wpforms-submit \" id=\"wpforms-submit-1797\" value=\"wpforms-submit\" data-alt-text=\"Enviando...\">Enviar<\/button><\/div><\/form><\/div>\n","protected":false},"excerpt":{"rendered":"<p>A partir desta segunda-feira, 31 de julho, a Secretaria Municipal de Transporte e Tr\u00e2nsito de Ananindeua (SEMUTRAN) inicia a opera\u00e7\u00e3o de novos pontos de fiscaliza\u00e7\u00e3o eletr\u00f4nica no munic\u00edpio. Ao todo 11 vias v\u00e3o contar com os equipamentos. Os novos pontos s\u00e3o: Estrada do Icu\u00ed, Rua Provid\u00eancia, Avenida SN 21, Avenida M\u00e1rio Covas, Avenida Jo\u00e3o Paulo [&hellip;]<\/p>\n","protected":false},"author":1,"featured_media":1807,"comment_status":"open","ping_status":"closed","sticky":false,"template":"","format":"standard","meta":{"footnotes":""},"categories":[58,65],"tags":[124,90,125,126,103],"class_list":{"0":"post-1806","1":"post","2":"type-post","3":"status-publish","4":"format-standard","5":"has-post-thumbnail","7":"category-noticias","8":"category-transito-e-combustiveis","9":"tag-ananindeua","10":"tag-motoristas","11":"tag-radar","12":"tag-transito","13":"tag-transportadores"},"_links":{"self":[{"href":"https:\/\/sindicarpa.com.br\/index.php\/wp-json\/wp\/v2\/posts\/1806","targetHints":{"allow":["GET"]}}],"collection":[{"href":"https:\/\/sindicarpa.com.br\/index.php\/wp-json\/wp\/v2\/posts"}],"about":[{"href":"https:\/\/sindicarpa.com.br\/index.php\/wp-json\/wp\/v2\/types\/post"}],"author":[{"embeddable":true,"href":"https:\/\/sindicarpa.com.br\/index.php\/wp-json\/wp\/v2\/users\/1"}],"replies":[{"embeddable":true,"href":"https:\/\/sindicarpa.com.br\/index.php\/wp-json\/wp\/v2\/comments?post=1806"}],"version-history":[{"count":1,"href":"https:\/\/sindicarpa.com.br\/index.php\/wp-json\/wp\/v2\/posts\/1806\/revisions"}],"predecessor-version":[{"id":1808,"href":"https:\/\/sindicarpa.com.br\/index.php\/wp-json\/wp\/v2\/posts\/1806\/revisions\/1808"}],"wp:featuredmedia":[{"embeddable":true,"href":"https:\/\/sindicarpa.com.br\/index.php\/wp-json\/wp\/v2\/media\/1807"}],"wp:attachment":[{"href":"https:\/\/sindicarpa.com.br\/index.php\/wp-json\/wp\/v2\/media?parent=1806"}],"wp:term":[{"taxonomy":"category","embeddable":true,"href":"https:\/\/sindicarpa.com.br\/index.php\/wp-json\/wp\/v2\/categories?post=1806"},{"taxonomy":"post_tag","embeddable":true,"href":"https:\/\/sindicarpa.com.br\/index.php\/wp-json\/wp\/v2\/tags?post=1806"}],"curies":[{"name":"wp","href":"https:\/\/api.w.org\/{rel}","templated":true}]}}