{"id":2506,"date":"2026-03-11T10:57:58","date_gmt":"2026-03-11T13:57:58","guid":{"rendered":"https:\/\/sindicarpa.com.br\/?p=2506"},"modified":"2026-03-11T10:57:58","modified_gmt":"2026-03-11T13:57:58","slug":"seguros-obrigatorios-do-trc","status":"publish","type":"post","link":"https:\/\/sindicarpa.com.br\/index.php\/2026\/03\/11\/seguros-obrigatorios-do-trc\/","title":{"rendered":""},"content":{"rendered":"<p><strong><img loading=\"lazy\" decoding=\"async\" class=\"aligncenter size-full wp-image-2507\" src=\"https:\/\/sindicarpa.com.br\/wp-content\/uploads\/2026\/03\/INFORMATIVO.png\" alt=\"\" width=\"1342\" height=\"500\" srcset=\"https:\/\/sindicarpa.com.br\/wp-content\/uploads\/2026\/03\/INFORMATIVO.png 1342w, https:\/\/sindicarpa.com.br\/wp-content\/uploads\/2026\/03\/INFORMATIVO-300x112.png 300w, https:\/\/sindicarpa.com.br\/wp-content\/uploads\/2026\/03\/INFORMATIVO-1024x382.png 1024w, https:\/\/sindicarpa.com.br\/wp-content\/uploads\/2026\/03\/INFORMATIVO-768x286.png 768w, https:\/\/sindicarpa.com.br\/wp-content\/uploads\/2026\/03\/INFORMATIVO-696x259.png 696w, https:\/\/sindicarpa.com.br\/wp-content\/uploads\/2026\/03\/INFORMATIVO-1068x398.png 1068w\" sizes=\"auto, (max-width: 1342px) 100vw, 1342px\" \/><\/strong><\/p>\n<p><strong>\ud83d\udce2 SINDICARPA INFORMA \u2013 A Ag\u00eancia Nacional de Transportes Terrestres (ANTT) iniciou o processo de integra\u00e7\u00e3o nacional para verifica\u00e7\u00e3o autom\u00e1tica dos seguros obrigat\u00f3rios do transporte rodovi\u00e1rio de cargas.<\/strong> A medida decorre da Lei n\u00ba 14.599\/2023, que alterou a Lei n\u00ba 11.442\/2007 e passou a exigir que o transportador contrate obrigatoriamente tr\u00eas seguros para exercer a atividade.<\/p>\n<p>\ud83d\udee1 Seguros obrigat\u00f3rios do TRC<\/p>\n<p>A legisla\u00e7\u00e3o estabelece que o transportador deve contratar:<\/p>\n<p>RCTR-C \u2013 Responsabilidade Civil do Transportador Rodovi\u00e1rio de Carga<br \/>\n(cobre perdas ou danos \u00e0 carga decorrentes de acidentes com o ve\u00edculo, como colis\u00e3o, tombamento, inc\u00eandio ou explos\u00e3o).<\/p>\n<p>RC-DC \u2013 Responsabilidade Civil por Desaparecimento de Carga<br \/>\n(cobre roubo, furto, apropria\u00e7\u00e3o ind\u00e9bita, estelionato ou extors\u00e3o da carga durante o transporte).<\/p>\n<p>RC-V \u2013 Responsabilidade Civil de Ve\u00edculo<br \/>\n(cobre danos materiais e corporais causados a terceiros pelo ve\u00edculo utilizado no transporte).<\/p>\n<p>\ud83d\udd17 Integra\u00e7\u00e3o autom\u00e1tica entre seguradoras e ANTT<\/p>\n<p>A ANTT implantar\u00e1 um sistema integrado ao RNTRC para que as seguradoras enviem automaticamente as informa\u00e7\u00f5es das ap\u00f3lices contratadas pelos transportadores.<\/p>\n<p>\ud83d\udcc5 Cronograma<\/p>\n<p>10 de mar\u00e7o a 30 de junho de 2026: per\u00edodo de homologa\u00e7\u00e3o e testes do sistema entre seguradoras e ANTT.<\/p>\n<p>Durante esse per\u00edodo: a fiscaliza\u00e7\u00e3o ter\u00e1 car\u00e1ter educativo e orientativo.<\/p>\n<p>A partir de 1\u00ba de julho de 2026: o sistema entrar\u00e1 em opera\u00e7\u00e3o definitiva, com verifica\u00e7\u00e3o autom\u00e1tica dos seguros.<\/p>\n<p>\u26a0\ufe0f Impacto para os transportadores<\/p>\n<p>A partir de julho de 2026, a comprova\u00e7\u00e3o dos seguros obrigat\u00f3rios passar\u00e1 a ser condi\u00e7\u00e3o para:<\/p>\n<p>inscri\u00e7\u00e3o no RNTRC;<\/p>\n<p>manuten\u00e7\u00e3o do registro do transportador.<\/p>\n<p>Ou seja, a aus\u00eancia de ap\u00f3lices v\u00e1lidas poder\u00e1 impactar diretamente a regularidade da empresa no RNTRC.<\/p>\n<p>\ud83d\udcca Custos e adequa\u00e7\u00e3o tarif\u00e1ria<\/p>\n<p>Com a obrigatoriedade dos seguros RC-DC e RC-V, o setor passou a discutir a inclus\u00e3o de um novo componente tarif\u00e1rio no frete, denominado Taxa de Seguro Obrigat\u00f3rio (TSO), destinado a cobrir os custos dessas ap\u00f3lices e sua administra\u00e7\u00e3o.<\/p>\n<p>\u2705 Recomenda\u00e7\u00e3o do SINDICARPA:<br \/>\nOs transportadores devem verificar junto \u00e0s suas seguradoras e corretores se suas ap\u00f3lices est\u00e3o adequadas \u00e0s exig\u00eancias da Lei n\u00ba 14.599\/2023, garantindo que a empresa esteja regular antes da entrada em vigor da verifica\u00e7\u00e3o autom\u00e1tica pela ANTT.<\/p>\n<p>O SINDICARPA seguir\u00e1 acompanhando o tema e manter\u00e1 os associados informados sobre novas orienta\u00e7\u00f5es da ANTT.<\/p>\n<p>Atenciosamente,<br \/>\nDiretoria &#8211; SINDICARPA<\/p>\n<p>Para ler mais acesse:<\/p>\n<blockquote class=\"wp-embedded-content\" data-secret=\"EPkaZ5LtJa\"><p><a href=\"https:\/\/www.portalntc.org.br\/com-participacao-da-ntclogistica-nas-discussoes-antt-inicia-integracao-para-verificacao-automatica-dos-seguros-obrigatorios-do-transporte-rodoviario-de-cargas\/\">Com participa\u00e7\u00e3o da NTC&amp;Log\u00edstica nas discuss\u00f5es, ANTT inicia integra\u00e7\u00e3o para verifica\u00e7\u00e3o autom\u00e1tica dos seguros obrigat\u00f3rios do Transporte Rodovi\u00e1rio de Cargas<\/a><\/p><\/blockquote>\n<p><iframe loading=\"lazy\" class=\"wp-embedded-content\" sandbox=\"allow-scripts\" security=\"restricted\" style=\"position: absolute; visibility: hidden;\" title=\"&#8220;Com participa\u00e7\u00e3o da NTC&amp;Log\u00edstica nas discuss\u00f5es, ANTT inicia integra\u00e7\u00e3o para verifica\u00e7\u00e3o autom\u00e1tica dos seguros obrigat\u00f3rios do Transporte Rodovi\u00e1rio de Cargas&#8221; &#8212; NTC&amp;Log\u00edstica\" src=\"https:\/\/www.portalntc.org.br\/com-participacao-da-ntclogistica-nas-discussoes-antt-inicia-integracao-para-verificacao-automatica-dos-seguros-obrigatorios-do-transporte-rodoviario-de-cargas\/embed\/#?secret=6emeI6ZxZC#?secret=EPkaZ5LtJa\" data-secret=\"EPkaZ5LtJa\" width=\"600\" height=\"338\" frameborder=\"0\" marginwidth=\"0\" marginheight=\"0\" scrolling=\"no\"><\/iframe><\/p>\n<p><span style=\"background-color: #ffffff;\"><a style=\"background-color: #ffffff;\" href=\"https:\/\/www.gov.br\/antt\/pt-br\/assuntos\/ultimas-noticias\/antt-inicia-integracao-nacional-para-verificacao-automatica-dos-seguros-obrigatorios-do-transporte-de-cargas\">https:\/\/www.gov.br\/antt\/pt-br\/assuntos\/ultimas-noticias\/antt-inicia-integracao-nacional-para-verificacao-automatica-dos-seguros-obrigatorios-do-transporte-de-cargas<\/a><\/span><\/p>\n<blockquote class=\"wp-embedded-content\" data-secret=\"lRZyNSIEJ6\"><p><a href=\"https:\/\/setcesp.org.br\/noticias\/seguros-obrigatorios-no-transporte-de-cargas-o-que-muda-com-as-novas-regras-2\/\">Seguros obrigat\u00f3rios no transporte de cargas: o que muda com as novas regras<\/a><\/p><\/blockquote>\n<p><iframe loading=\"lazy\" class=\"wp-embedded-content\" sandbox=\"allow-scripts\" security=\"restricted\" style=\"position: absolute; visibility: hidden;\" title=\"&#8220;Seguros obrigat\u00f3rios no transporte de cargas: o que muda com as novas regras&#8221; &#8212; SETCESP\" src=\"https:\/\/setcesp.org.br\/noticias\/seguros-obrigatorios-no-transporte-de-cargas-o-que-muda-com-as-novas-regras-2\/embed\/#?secret=GjID8Yv40h#?secret=lRZyNSIEJ6\" data-secret=\"lRZyNSIEJ6\" width=\"600\" height=\"338\" frameborder=\"0\" marginwidth=\"0\" marginheight=\"0\" scrolling=\"no\"><\/iframe><\/p>\n","protected":false},"excerpt":{"rendered":"<p>\ud83d\udce2 SINDICARPA INFORMA \u2013 A Ag\u00eancia Nacional de Transportes Terrestres (ANTT) iniciou o processo de integra\u00e7\u00e3o nacional para verifica\u00e7\u00e3o autom\u00e1tica dos seguros obrigat\u00f3rios do transporte rodovi\u00e1rio de cargas. A medida decorre da Lei n\u00ba 14.599\/2023, que alterou a Lei n\u00ba 11.442\/2007 e passou a exigir que o transportador contrate obrigatoriamente tr\u00eas seguros para exercer a [&hellip;]<\/p>\n","protected":false},"author":2,"featured_media":0,"comment_status":"closed","ping_status":"closed","sticky":false,"template":"","format":"standard","meta":{"footnotes":""},"categories":[26,66,64,58,24],"tags":[],"class_list":{"0":"post-2506","1":"post","2":"type-post","3":"status-publish","4":"format-standard","6":"category-comunicados","7":"category-leis-e-documentacao","8":"category-logistisca-e-transporte","9":"category-noticias","10":"category-sindicarpa"},"_links":{"self":[{"href":"https:\/\/sindicarpa.com.br\/index.php\/wp-json\/wp\/v2\/posts\/2506","targetHints":{"allow":["GET"]}}],"collection":[{"href":"https:\/\/sindicarpa.com.br\/index.php\/wp-json\/wp\/v2\/posts"}],"about":[{"href":"https:\/\/sindicarpa.com.br\/index.php\/wp-json\/wp\/v2\/types\/post"}],"author":[{"embeddable":true,"href":"https:\/\/sindicarpa.com.br\/index.php\/wp-json\/wp\/v2\/users\/2"}],"replies":[{"embeddable":true,"href":"https:\/\/sindicarpa.com.br\/index.php\/wp-json\/wp\/v2\/comments?post=2506"}],"version-history":[{"count":1,"href":"https:\/\/sindicarpa.com.br\/index.php\/wp-json\/wp\/v2\/posts\/2506\/revisions"}],"predecessor-version":[{"id":2508,"href":"https:\/\/sindicarpa.com.br\/index.php\/wp-json\/wp\/v2\/posts\/2506\/revisions\/2508"}],"wp:attachment":[{"href":"https:\/\/sindicarpa.com.br\/index.php\/wp-json\/wp\/v2\/media?parent=2506"}],"wp:term":[{"taxonomy":"category","embeddable":true,"href":"https:\/\/sindicarpa.com.br\/index.php\/wp-json\/wp\/v2\/categories?post=2506"},{"taxonomy":"post_tag","embeddable":true,"href":"https:\/\/sindicarpa.com.br\/index.php\/wp-json\/wp\/v2\/tags?post=2506"}],"curies":[{"name":"wp","href":"https:\/\/api.w.org\/{rel}","templated":true}]}}