{"id":2509,"date":"2026-03-11T17:47:54","date_gmt":"2026-03-11T20:47:54","guid":{"rendered":"https:\/\/sindicarpa.com.br\/?p=2509"},"modified":"2026-03-11T18:46:49","modified_gmt":"2026-03-11T21:46:49","slug":"nota-de-repudio-2","status":"publish","type":"post","link":"https:\/\/sindicarpa.com.br\/index.php\/2026\/03\/11\/nota-de-repudio-2\/","title":{"rendered":"NOTA DE REP\u00daDIO"},"content":{"rendered":"<p><span style=\"font-weight: 400;\"><img loading=\"lazy\" decoding=\"async\" class=\" td-modal-image aligncenter wp-image-2510 \" src=\"https:\/\/sindicarpa.com.br\/wp-content\/uploads\/2026\/03\/sindicarpa-logo-horizontal-300x111.png\" alt=\"\" width=\"170\" height=\"63\" srcset=\"https:\/\/sindicarpa.com.br\/wp-content\/uploads\/2026\/03\/sindicarpa-logo-horizontal-300x111.png 300w, https:\/\/sindicarpa.com.br\/wp-content\/uploads\/2026\/03\/sindicarpa-logo-horizontal-1024x378.png 1024w, https:\/\/sindicarpa.com.br\/wp-content\/uploads\/2026\/03\/sindicarpa-logo-horizontal-768x284.png 768w, https:\/\/sindicarpa.com.br\/wp-content\/uploads\/2026\/03\/sindicarpa-logo-horizontal-696x257.png 696w, https:\/\/sindicarpa.com.br\/wp-content\/uploads\/2026\/03\/sindicarpa-logo-horizontal-1068x394.png 1068w, https:\/\/sindicarpa.com.br\/wp-content\/uploads\/2026\/03\/sindicarpa-logo-horizontal.png 1354w\" sizes=\"auto, (max-width: 170px) 100vw, 170px\" \/><br \/>\n<strong>NOTA DE REP\u00daDIO<\/strong><\/span><\/p>\n<p>O <b>Sindicato das Empresas de Log\u00edstica e Transportes de Cargas no Estado do Par\u00e1 &#8211; SINDICARPA<\/b><span style=\"font-weight: 400;\"> manifesta publicamente <\/span><b>seu rep\u00fadio aos recentes aumentos praticados pelas distribuidoras de derivados de petr\u00f3leo no Brasil, em especial no Estado do Par\u00e1,<\/b><span style=\"font-weight: 400;\"> que v\u00eam impactando de forma direta e severa a atividade do Transporte Rodovi\u00e1rio de Cargas.<\/span><\/p>\n<p>&nbsp;<\/p>\n<p><span style=\"font-weight: 400;\">Nas \u00faltimas semanas, transportadoras associadas ao sindicato t\u00eam registrado <\/span><b>aumentos acumulados que chegam a aproximadamente 30% no pre\u00e7o do diesel,<\/b><span style=\"font-weight: 400;\"> situa\u00e7\u00e3o que gera enorme preocupa\u00e7\u00e3o para o setor, considerando que o combust\u00edvel representa <\/span><b>cerca de 40% do custo operacional do frete,<\/b><span style=\"font-weight: 400;\"> sendo o principal insumo da atividade.<\/span><\/p>\n<p>&nbsp;<\/p>\n<p><span style=\"font-weight: 400;\">Conforme tamb\u00e9m alertado pela NTC&amp;Log\u00edstica \u2013 Associa\u00e7\u00e3o Nacional do Transporte de Cargas e Log\u00edstica, o setor j\u00e1 vinha enfrentando press\u00f5es decorrentes de fatores econ\u00f4micos relevantes. Desde 1\u00ba de janeiro de 2026, passou a vigorar o aumento do ICMS nacional incidente sobre o diesel, elevando a carga tribut\u00e1ria sobre o combust\u00edvel. Soma-se a isso o atual cen\u00e1rio internacional de instabilidade energ\u00e9tica, especialmente em raz\u00e3o dos conflitos no Oriente M\u00e9dio e das tens\u00f5es envolvendo o Estreito de Ormuz, rota estrat\u00e9gica para o com\u00e9rcio mundial de petr\u00f3leo, o que tem pressionado os custos de importa\u00e7\u00e3o de combust\u00edveis.<\/span><\/p>\n<p>&nbsp;<\/p>\n<p><span style=\"font-weight: 400;\">Apesar desse contexto internacional, o <\/span><b>SINDICARPA considera inadmiss\u00edvel que aumentos expressivos e sucessivos sejam repassados ao mercado de forma abrupta,<\/b><span style=\"font-weight: 400;\"> gerando impactos imediatos e desproporcionais \u00e0s empresas transportadoras, que j\u00e1 operam sob margens extremamente reduzidas.<\/span><\/p>\n<p>&nbsp;<\/p>\n<p><span style=\"font-weight: 400;\">O Transporte Rodovi\u00e1rio de Cargas \u00e9 respons\u00e1vel por movimentar a maior parte da produ\u00e7\u00e3o nacional, garantindo o abastecimento de alimentos, combust\u00edveis, medicamentos e insumos essenciais \u00e0 economia. <\/span><b>Qualquer eleva\u00e7\u00e3o abrupta do pre\u00e7o do diesel compromete diretamente a sustentabilidade das opera\u00e7\u00f5es log\u00edsticas e a pr\u00f3pria regularidade do abastecimento.<\/b><\/p>\n<p>&nbsp;<\/p>\n<p><span style=\"font-weight: 400;\">Diante desse cen\u00e1rio, o SINDICARPA:<\/span><\/p>\n<p>&nbsp;<\/p>\n<p><span style=\"font-weight: 400;\">Repudia os aumentos excessivos praticados pelas distribuidoras de combust\u00edveis;<\/span><\/p>\n<p>&nbsp;<\/p>\n<p><span style=\"font-weight: 400;\">Defende maior transpar\u00eancia na forma\u00e7\u00e3o dos pre\u00e7os do diesel;<\/span><\/p>\n<p>&nbsp;<\/p>\n<p><span style=\"font-weight: 400;\">Refor\u00e7a a necessidade de equil\u00edbrio nas rela\u00e7\u00f5es comerciais entre distribuidores e transportadores;<\/span><\/p>\n<p>&nbsp;<\/p>\n<p><span style=\"font-weight: 400;\">Orienta as empresas do setor a adotarem mecanismos de recomposi\u00e7\u00e3o de frete, como o gatilho do diesel, a fim de preservar o equil\u00edbrio econ\u00f4mico dos contratos.<\/span><\/p>\n<p>&nbsp;<\/p>\n<p><span style=\"font-weight: 400;\">O sindicato permanecer\u00e1 vigilante e atuante na defesa dos interesses do setor de transporte rodovi\u00e1rio de cargas no Estado do Par\u00e1, buscando di\u00e1logo com as autoridades competentes e com os agentes do mercado para garantir <\/span><b>condi\u00e7\u00f5es justas e sustent\u00e1veis para a atividade log\u00edstica,<\/b><span style=\"font-weight: 400;\"> fundamental ao desenvolvimento econ\u00f4mico e social do pa\u00eds.<\/span><\/p>\n<p><span style=\"font-weight: 400;\">Bel\u00e9m\/PA, 11 de mar\u00e7o de 2026.<\/span><span style=\"font-weight: 400;\"><br \/>\n<\/span><b>EV\u00c2NIO MAGALH\u00c3ES<br \/>\n<\/b><b>PRESIDENTE<\/b><\/p>\n<p>Sindicato das Empresas de Log\u00edstica e Transportes de Cargas no Estado do Par\u00e1 &#8211; SINDICARPA<\/p>\n","protected":false},"excerpt":{"rendered":"<p>NOTA DE REP\u00daDIO O Sindicato das Empresas de Log\u00edstica e Transportes de Cargas no Estado do Par\u00e1 &#8211; SINDICARPA manifesta publicamente seu rep\u00fadio aos recentes aumentos praticados pelas distribuidoras de derivados de petr\u00f3leo no Brasil, em especial no Estado do Par\u00e1, que v\u00eam impactando de forma direta e severa a atividade do Transporte Rodovi\u00e1rio de [&hellip;]<\/p>\n","protected":false},"author":2,"featured_media":0,"comment_status":"closed","ping_status":"closed","sticky":false,"template":"","format":"standard","meta":{"footnotes":""},"categories":[26,58,24,65],"tags":[],"class_list":{"0":"post-2509","1":"post","2":"type-post","3":"status-publish","4":"format-standard","6":"category-comunicados","7":"category-noticias","8":"category-sindicarpa","9":"category-transito-e-combustiveis"},"_links":{"self":[{"href":"https:\/\/sindicarpa.com.br\/index.php\/wp-json\/wp\/v2\/posts\/2509","targetHints":{"allow":["GET"]}}],"collection":[{"href":"https:\/\/sindicarpa.com.br\/index.php\/wp-json\/wp\/v2\/posts"}],"about":[{"href":"https:\/\/sindicarpa.com.br\/index.php\/wp-json\/wp\/v2\/types\/post"}],"author":[{"embeddable":true,"href":"https:\/\/sindicarpa.com.br\/index.php\/wp-json\/wp\/v2\/users\/2"}],"replies":[{"embeddable":true,"href":"https:\/\/sindicarpa.com.br\/index.php\/wp-json\/wp\/v2\/comments?post=2509"}],"version-history":[{"count":4,"href":"https:\/\/sindicarpa.com.br\/index.php\/wp-json\/wp\/v2\/posts\/2509\/revisions"}],"predecessor-version":[{"id":2514,"href":"https:\/\/sindicarpa.com.br\/index.php\/wp-json\/wp\/v2\/posts\/2509\/revisions\/2514"}],"wp:attachment":[{"href":"https:\/\/sindicarpa.com.br\/index.php\/wp-json\/wp\/v2\/media?parent=2509"}],"wp:term":[{"taxonomy":"category","embeddable":true,"href":"https:\/\/sindicarpa.com.br\/index.php\/wp-json\/wp\/v2\/categories?post=2509"},{"taxonomy":"post_tag","embeddable":true,"href":"https:\/\/sindicarpa.com.br\/index.php\/wp-json\/wp\/v2\/tags?post=2509"}],"curies":[{"name":"wp","href":"https:\/\/api.w.org\/{rel}","templated":true}]}}